{"id":470,"date":"2021-08-03T14:55:11","date_gmt":"2021-08-03T13:55:11","guid":{"rendered":"http:\/\/www.bleugrizzly.com\/?p=470"},"modified":"2021-08-03T14:55:12","modified_gmt":"2021-08-03T13:55:12","slug":"le-designer-timo-wettlaufer-lance-radja-lattrape-sieste","status":"publish","type":"post","link":"https:\/\/www.bleugrizzly.com\/index.php\/2021\/08\/03\/le-designer-timo-wettlaufer-lance-radja-lattrape-sieste\/","title":{"rendered":"Le designer Timo Wettlaufer lance Radja : \u00ab l\u2019attrape-sieste \u00bb"},"content":{"rendered":"\n<p class=\"has-medium-font-size\"><strong><em>Timo Wettlaufer, designer install\u00e9 \u00e0 Gujan-Mestras sur le Bassin d\u2019Arcachon et \u00e0 la t\u00eate de Timo Exclusive Design, lance Radja, \u00ab l\u2019attrape-sieste \u00bb. Derri\u00e8re ce nom plein de promesses, se cache un nouvel objet de d\u00e9sir : un \u00ab daybed \u00bb, sorte de lit d\u2019ext\u00e9rieur d\u2019inspiration balinaise destin\u00e9 aux terrasses et jardins d\u2019exception, con\u00e7u comme une invitation \u00e0 la pl\u00e9nitude et au voyage pour savourer les beaux jours en toute qui\u00e9tude. Du mobilier sur-mesure \u00ab Made in Bassin \u00bb, personnalis\u00e9 et qualitatif avec toujours \u00ab le beau \u00bb comme source d\u2019inspiration\u2026<\/em><\/strong><\/p>\n\n\n\n<p class=\"has-normal-font-size\">\u00ab G\u00e9o Trouvetou \u00bb des temps modernes, le designer Timo Wettlaufer n\u2019en finit pas d\u2019\u00e9tonner\u2026 <em>\u00ab Construire des choses est v\u00e9ritablement ma raison d\u2019\u00eatre depuis ma plus tendre enfance. \u00bb<\/em><\/p>\n\n\n\n<p class=\"has-normal-font-size\">Apr\u00e8s la mise au point de capots automatis\u00e9s haut de gamme permettant d\u2019ouvrir et de fermer sa piscine, son SPA ou sa terrasse avec efficacit\u00e9 et allure, Timo vient de cr\u00e9er une nouvelle marque, Radja, avec un produit phare : l\u2019attrape-sieste.<\/p>\n\n\n\n<p class=\"has-normal-font-size\">Le projet est n\u00e9 suite \u00e0 une demande d\u2019am\u00e9nagement de terrasse et de jardin un peu particuli\u00e8re. <em>\u00ab En rentrant d\u2019un voyage en Indon\u00e9sie, des clients m\u2019ont demand\u00e9 d\u2019apporter un bout de Bali chez eux. J\u2019ai donc cr\u00e9\u00e9 une sorte de lit de jardin ou \u00ab daybed \u00bb que l\u2019on retrouve dans les fabuleux h\u00f4tels de ces destinations de r\u00eave, sur les plages priv\u00e9es ou en bord de piscine \u00bb<\/em>, d\u00e9taille le designer gujanais.<\/p>\n\n\n\n<p class=\"has-normal-font-size\">Ce nouveau concept, fruit de l\u2019imagination de Timo, a le doux parfum de l\u2019\u00e9t\u00e9 : <em>\u00ab J\u2019ai eu envie de (re)cr\u00e9er un coin de bonheur au fond du jardin : un petit \u00e9crin o\u00f9 la pl\u00e9nitude serait le ma\u00eetre-mot, o\u00f9 l\u2019on pourrait vraiment se laisser aller, se reposer, \u00e0 l&rsquo;ombre, les doigts de pieds en \u00e9ventail, lors de ces magnifiques journ\u00e9es d\u2019\u00e9t\u00e9 o\u00f9 le soleil est roi ! Un endroit \u00e9galement synonyme de joie, propice \u00e0 recevoir ses amis, le temps d\u2019un ap\u00e9ritif convivial pour des moments inoubliables o\u00f9 le temps s\u2019arr\u00eate \u00bb.<\/em><\/p>\n\n\n\n<p class=\"has-normal-font-size\">A l\u2019arriv\u00e9e, on obtient un superbe meuble d\u2019ext\u00e9rieur, en bois exotique (pour une dur\u00e9e de vie de plus de 10 ans), sur-mesure, personnalisable jusque dans les moindres d\u00e9tails, comme, par exemple, le motif des coussins ou l\u2019inscription d\u2019un po\u00e8me grav\u00e9 \u00e0 m\u00eame le bois. Un vrai cocon pour profiter de ses ext\u00e9rieurs, id\u00e9al pour se d\u00e9tendre, prendre un verre ou se reposer seul, en famille ou avec ses proches, en r\u00eavant \u00e0 des contr\u00e9es lointaines, confortablement install\u00e9(s) \u00e0 l\u2019abri du soleil\u2026<\/p>\n\n\n\n<p class=\"has-normal-font-size\">Il ne restait plus qu\u2019\u00e0 trouver un nom \u00e9vocateur, promesse d\u2019\u00e9vasion, mais aussi de douceur et de relaxation : c\u2019est ainsi que Radja, \u00ab l\u2019attrape-sieste \u00bb a vu le jour.<\/p>\n\n\n\n<p class=\"has-normal-font-size\">Con\u00e7u et fabriqu\u00e9 sur le Bassin d\u2019Arcachon, l\u2019attrape-sieste de Radja est pour l\u2019instant un produit disponible sur commande. Travaillant en collaboration avec des architectes, paysagistes, magasins de piscine et de SPA, l\u2019ing\u00e9nieux designer est en capacit\u00e9 de s\u2019adapter \u00e0 toutes les demandes, des plus sages aux plus originales. Il r\u00e9pond \u00e9galement<br>aux sollicitations des particuliers \u00e0 la recherche d\u2019un mobilier d\u2019ext\u00e9rieur qui leur ressemble.<\/p>\n\n\n\n<p class=\"has-normal-font-size\">\u00ab Je suis plus dans la conception d\u2019un environnement de vie que d\u2019un objet maison. Ma valeur ajout\u00e9e est l\u2019assemblage de mati\u00e8res nobles avec un vrai souci du d\u00e9tail, le tout dans une recherche constante de qualit\u00e9. L\u2019attrape-sieste est un luxe que tout le monde devrait savourer. L\u2019essayer, c\u2019est l\u2019approuver\u2026 Et ne plus pouvoir s\u2019en passer ! \u00bb, conclut<br>avec le sourire le fondateur de Radja.<\/p>\n\n\n\n<p class=\"has-normal-font-size\">Une belle aventure qui ne fait que commencer\u2026<\/p>\n\n\n\n<p class=\"has-normal-font-size\"><strong>A PROPOS DE TIMO WETTLAUFER<\/strong><br>Timo Wettlaufer est un designer au parcours atypique. Dipl\u00f4m\u00e9 de la prestigieuse \u00e9cole Cr\u00e9ap\u00f4le \u00e0 Paris o\u00f9 il obtient son Master II Design Produit, il est recrut\u00e9 comme designer de la Famille Royale d\u2019Arabie Saoudite. Pendant 2 ans, Timo parfait sa connaissance du grand luxe en satisfaisant \u00ab du plus petit caprice \u00e0 la conception de palais \u00bb.<br>Il d\u00e9couvre le Bassin d\u2019Arcachon en 2005 en devenant designer pour le chantier naval Couach. Pendant pr\u00e8s de 8 ans, il con\u00e7oit les int\u00e9rieurs comme les ext\u00e9rieurs des yachts les plus somptueux. En 2013, il fonde sa propre entreprise TED pour Timo Exclusive Design avec comme objectif \u00ab d\u2019appliquer les plaisirs du grand luxe \u00e0 la client\u00e8le locale \u00bb.<br>A la fois architecte d\u2019int\u00e9rieur, d\u00e9corateur, il intervient sur des chantiers de r\u00e9novation, d\u2019extension de r\u00e9sidence, mais est \u00e9galement r\u00e9guli\u00e8rement sollicit\u00e9 pour de la cr\u00e9ation de mobilier sur-mesure. Aujourd\u2019hui, il lance Radja, \u00ab l\u2019attrape-sieste \u00bb.<\/p>\n\n\n\n<p class=\"has-normal-font-size\"><strong>Pratique :<br>Radja, l\u2019attrape-sieste<br>Timo Wettlaufer<\/strong><br>8, all\u00e9e Jean-Jacques Rousseau<br>33470 Gujan-Mestras<br>T\u00e9l. : 06 70 67 57 30<\/p>\n","protected":false},"excerpt":{"rendered":"<p>Timo Wettlaufer, designer install\u00e9 \u00e0 Gujan-Mestras sur le Bassin d\u2019Arcachon et \u00e0 la t\u00eate de Timo Exclusive Design, lance Radja, \u00ab l\u2019attrape-sieste \u00bb. Derri\u00e8re ce nom plein de promesses, se cache un nouvel objet de d\u00e9sir : un \u00ab daybed \u00bb, sorte de lit d\u2019ext\u00e9rieur d\u2019inspiration balinaise destin\u00e9 aux terrasses et jardins d\u2019exception, con\u00e7u comme une invitation \u00e0 la pl\u00e9nitude et au voyage pour savourer les beaux jours en toute qui\u00e9tude. Du mobilier sur-mesure \u00ab Made in Bassin \u00bb, personnalis\u00e9 et qualitatif avec toujours \u00ab le beau \u00bb comme source d\u2019inspiration\u2026<\/p>\n","protected":false},"author":1,"featured_media":472,"comment_status":"closed","ping_status":"closed","sticky":false,"template":"","format":"standard","meta":{"_monsterinsights_skip_tracking":false,"_monsterinsights_sitenote_active":false,"_monsterinsights_sitenote_note":"","_monsterinsights_sitenote_category":0},"categories":[13],"tags":[],"_links":{"self":[{"href":"https:\/\/www.bleugrizzly.com\/index.php\/wp-json\/wp\/v2\/posts\/470"}],"collection":[{"href":"https:\/\/www.bleugrizzly.com\/index.php\/wp-json\/wp\/v2\/posts"}],"about":[{"href":"https:\/\/www.bleugrizzly.com\/index.php\/wp-json\/wp\/v2\/types\/post"}],"author":[{"embeddable":true,"href":"https:\/\/www.bleugrizzly.com\/index.php\/wp-json\/wp\/v2\/users\/1"}],"replies":[{"embeddable":true,"href":"https:\/\/www.bleugrizzly.com\/index.php\/wp-json\/wp\/v2\/comments?post=470"}],"version-history":[{"count":1,"href":"https:\/\/www.bleugrizzly.com\/index.php\/wp-json\/wp\/v2\/posts\/470\/revisions"}],"predecessor-version":[{"id":473,"href":"https:\/\/www.bleugrizzly.com\/index.php\/wp-json\/wp\/v2\/posts\/470\/revisions\/473"}],"wp:featuredmedia":[{"embeddable":true,"href":"https:\/\/www.bleugrizzly.com\/index.php\/wp-json\/wp\/v2\/media\/472"}],"wp:attachment":[{"href":"https:\/\/www.bleugrizzly.com\/index.php\/wp-json\/wp\/v2\/media?parent=470"}],"wp:term":[{"taxonomy":"category","embeddable":true,"href":"https:\/\/www.bleugrizzly.com\/index.php\/wp-json\/wp\/v2\/categories?post=470"},{"taxonomy":"post_tag","embeddable":true,"href":"https:\/\/www.bleugrizzly.com\/index.php\/wp-json\/wp\/v2\/tags?post=470"}],"curies":[{"name":"wp","href":"https:\/\/api.w.org\/{rel}","templated":true}]}}