{"id":440,"date":"2021-07-06T09:24:55","date_gmt":"2021-07-06T08:24:55","guid":{"rendered":"http:\/\/www.bleugrizzly.com\/?p=440"},"modified":"2021-07-06T09:24:57","modified_gmt":"2021-07-06T08:24:57","slug":"riche-programme-de-visites-patrimoniales-pour-loffice-de-tourisme-du-val-de-leyre","status":"publish","type":"post","link":"https:\/\/www.bleugrizzly.com\/index.php\/2021\/07\/06\/riche-programme-de-visites-patrimoniales-pour-loffice-de-tourisme-du-val-de-leyre\/","title":{"rendered":"Riche programme de visites patrimoniales pour l\u2019Office de Tourisme du Val de l\u2019Eyre !"},"content":{"rendered":"\n<p><strong><em>A partir du mercredi 7 juillet, l&rsquo;Office de Tourisme Intercommunal du Val de l\u2019Eyre lance son programme estival de visites et animations patrimoniales. Des activit\u00e9s th\u00e9matiques, ludiques et p\u00e9dagogiques pour toute la famille mettant en avant les atouts naturels ou historiques du territoire, en accord avec le projet d\u2019\u00e9co destination ch\u00e8re \u00e0 la Communaut\u00e9 de Communes du Val de l\u2019Eyre.<\/em><\/strong><\/p>\n\n\n\n<p>Tout d\u2019abord, l\u2019Office de Tourisme Intercommunal proposera <strong>les \u00ab&nbsp;Instants coutumes et patrimoine&nbsp;\u00bb<\/strong> avec, notamment, la <strong>visite patrimoniale de l\u2019\u00e9glise de Mons \u00e0 Belin-Beliet (le 30\/07 et le 27\/08 \u00e0 10h)<\/strong>. Pendant 2 heures, touristes et locaux pourront d\u00e9couvrir ou red\u00e9couvrir la riche histoire de ce monument embl\u00e9matique, patrimoine du 11<sup>\u00e8me<\/sup> si\u00e8cle d\u2019art roman sur l\u2019itin\u00e9raire du p\u00e8lerinage vers Saint-Jacques de Compostelle. Une animation gratuite destin\u00e9e \u00e0 un public de plus de 10 ans.<\/p>\n\n\n\n<p><strong>La visite de l\u2019\u00e9glise du Vieux Lugo \u00e0 Lugos<\/strong> sera \u00e9galement au programme <strong>le 16\/07 et le 6\/08 \u00e0 10h<\/strong>. Patrimoine du 11<sup>\u00e8me<\/sup> si\u00e8cle, sur le chemin de Saint-Jacques de Compostelle, ce sobre \u00e9difice rural, situ\u00e9 dans un cadre forestier remarquable et magique, pr\u00e9sente d&rsquo;int\u00e9ressantes peintures murales m\u00e9di\u00e9vales. Une visite de 2 heures, enti\u00e8rement gratuite, pour adultes et enfants de plus de 10 ans.<\/p>\n\n\n\n<p>Dans cette th\u00e9matique patrimoniale, on trouvera aussi <strong>\u00ab&nbsp;La d\u00e9couverte d\u2019une palombi\u00e8re et de l\u2019arbre d\u2019or\u2026 le gemmage&nbsp;\u00bb<\/strong> \u00e0 Belin-Beliet <strong>le 29\/07 et le 12\/08 \u00e0 10h<\/strong>. 2 heures pour tout savoir sur la palombi\u00e8re, cette longue cabane au sol avec une tour de guet pour les chasseurs scrutant le passage des migrateurs. Quant au gemmage, il s\u2019agit d\u2019une technique consistant \u00e0 blesser un pin pour qu&rsquo;il s\u00e9cr\u00e8te de la r\u00e9sine. Une visite destin\u00e9e \u00e0 un public de plus de 7 ans.<\/p>\n\n\n\n<p>Enfin, l\u2019Office de Tourisme du Val de l\u2019Eyre proposera <strong>une \u00ab&nbsp;immersion en for\u00eat&nbsp;\u00bb<\/strong> de 2 heures \u00e0 Lugos <strong>le 3\/08 \u00e0 10h. <\/strong>Au programme, une d\u00e9couverte du massif forestier des Landes de Gascogne en compagnie de Jean Michel, ancien garde forestier \u00e0 l&rsquo;ONF. \u00c0 la fois passionn\u00e9 et professionnel dans la fili\u00e8re bois, il reviendra sur l&rsquo;origine, la culture et l&rsquo;exploitation foresti\u00e8re de la plus grande for\u00eat artificielle d&rsquo;Europe occidentale conduite intensivement en une monoculture de pin maritime. Une animation gratuite destin\u00e9e \u00e0 un public de plus de 7 ans.<\/p>\n\n\n\n<p>Une 2<sup>\u00e8me<\/sup> th\u00e9matique intitul\u00e9e <strong>\u00ab&nbsp;Instants nature&nbsp;\u00bb<\/strong> rassemblera de nombreuses visites particuli\u00e8rement int\u00e9ressantes. Dans un esprit de \u00ab&nbsp;slow tourisme&nbsp;\u00bb, rien de tel que la <strong>\u00ab&nbsp;d\u00e9couverte d\u2019un jardin botanique secret&nbsp;\u00bb<\/strong> <strong>le 26\/07 \u00e0 10h<\/strong> au Barp. Pendant 2 heures, au c\u0153ur d&rsquo;un \u00e9crin v\u00e9g\u00e9tal luxuriant, on pourra se laisser guider par la propri\u00e9taire qui pr\u00e9sentera les diff\u00e9rentes esp\u00e8ces v\u00e9g\u00e9tales qui arborent son parc botanique. Une ode au calme et \u00e0 la s\u00e9r\u00e9nit\u00e9. Une animation gratuite accessible aux enfants de plus de 7 ans.<\/p>\n\n\n\n<p><strong>Le 12\/07, le 9\/08 et le 16\/08 \u00e0 10h<\/strong>, lors de l\u2019atelier cr\u00e9atif&nbsp;parent-enfants <strong>\u00ab&nbsp;Je fabrique mon abri \u00e0 chauve-souris&nbsp;\u00bb<\/strong>, on pourra fabriquer ce petit habitat en bois destin\u00e9 aux chauve-souris, animaux essentiels \u00e0 la biodiversit\u00e9. Une animation destin\u00e9e \u00e0 un public de plus de 8 ans (participation libre).<\/p>\n\n\n\n<p>Dans un style totalement diff\u00e9rent, une animation intitul\u00e9e <strong>\u00ab&nbsp;initiation \u00e0 l\u2019astronomie&nbsp;: balade au clair de lune&nbsp;\u00bb<\/strong> sera propos\u00e9e \u00e0 Belin-Beliet <strong>le 10\/07 et le 14\/08 \u00e0 21h30<\/strong>. L\u2019objectif&nbsp;: d\u00e9mystifier l\u2019astronomie et de la rendre accessible \u00e0 toutes et \u00e0 tous gr\u00e2ce \u00e0 des s\u00e9ances d\u2019initiation, de formation et d\u2019observation de 2 heures. Une participation de 2 \u20ac par personne sera demand\u00e9e pour cette animation pour adultes et enfants de plus de 10 ans.<\/p>\n\n\n\n<p>Une <strong>\u00ab&nbsp;balade nature \u00e0 cheval dans la for\u00eat des Landes de Gascogne&nbsp;\u00bb<\/strong> est propos\u00e9e \u00e0 Belin-Beliet <strong>le 11\/07 et le 22\/08 \u00e0 9h30<\/strong>. Au c\u0153ur de la for\u00eat, au calme et au grand air, on pourra ainsi conjuguer plaisir et complicit\u00e9 au rythme de sa monture. Une aventure \u00e9questre de 3 heures en toute s\u00e9curit\u00e9 pour adultes et enfants de plus de 8 ans. Une participation de 40 \u20ac par personne sera demand\u00e9e pour cette initiation et cette randonn\u00e9e r\u00e9alis\u00e9es dans une ambiance conviviale et familiale.<\/p>\n\n\n\n<p>Toujours dans le cadre de cette th\u00e9matique, on pourra s\u2019inscrire \u00e0 <strong>\u00ab&nbsp;la nature au fil des pas&nbsp;: les secrets de la Leyre&nbsp;\u00bb<\/strong> \u00e0 Salles <strong>les 13\/07, 27\/07, 10\/08 et 24\/08 \u00e0 9h30.<\/strong> Du slow tourisme par excellence&nbsp;! Une balade \u00e0 pied au bord de la Leyre guid\u00e9e par Alexandre. Ludique, scientifique, sensible, les approches seront nombreuses et vari\u00e9es pour d\u00e9couvrir la faune et la flore et \u00e9veiller la curiosit\u00e9 de tous. L\u2019occasion de partir \u00e0 la rencontre de cette nature g\u00e9n\u00e9reuse gratuitement pendant 2 heures. On accueillera volontiers les enfants de plus de 10 ans. Il faudra \u00eatre v\u00eatu(e) d&rsquo;un pantalon, de chaussures confortables et pr\u00e9voir une lotion anti-moustiques.<\/p>\n\n\n\n<p>Une animation <strong>\u00ab&nbsp;d\u00e9couverte de la sylvoth\u00e9rapie&nbsp;\u00bb<\/strong> sera aussi propos\u00e9e gratuitement \u00e0 Saint-Magne <strong>le 4\/08 \u00e0 9h30<\/strong>. Adultes et enfants de plus de 10 ans pourront d\u00e9couvrir pendant 2 heures les bienfaits de la sylvoth\u00e9rapie, un chemin de bien-\u00eatre au c\u0153ur de la for\u00eat pour ralentir, prendre soin de soi, r\u00e9duire un \u00e9tat de stress et avoir des pens\u00e9es positives, se connecter \u00e0 l&rsquo;\u00e9nergie de la for\u00eat.<\/p>\n\n\n\n<p>Pourquoi ne pas partir pour un <strong>\u00ab&nbsp;voyage culturel au fil de l\u2019eau&nbsp;\u00bb&nbsp;<\/strong>en compagnie de Nicolas et Guillaume ?<strong> Le 7\/07 \u00e0 12h<\/strong>, direction la Haute Leyre, <strong>le 21\/07 \u00e0 12h<\/strong>, les confluents de la Leyre, <strong>le 4\/08 \u00e0 11h<\/strong>, la Leyre Girondine et <strong>le 18\/08 \u00e0 11h<\/strong>, la Leyre Delta. Des balades encadr\u00e9es de 3h30 en cano\u00eb sur la Leyre \u00e0 la d\u00e9couverte de la biodiversit\u00e9, accessibles aux adultes comme aux enfants de plus de 8 ans contre une participation de 40 \u20ac par personne. Une id\u00e9e de balade nature p\u00e9dagogique et rafra\u00eechissante pour toute la famille qui permettra de porter un autre regard sur cette nature riche et pr\u00e9serv\u00e9e.<\/p>\n\n\n\n<p>Enfin, une <strong>\u00ab&nbsp;balade naturaliste et m\u00e9ditative&nbsp;\u00bb<\/strong> \u00e0 Saint-Magne sera propos\u00e9e gratuitement par Ga\u00eblle <strong>le 8\/07 \u00e0 9h30<\/strong>. Une immersion puissante d\u20191h30 dans la nature. Il ne s&rsquo;agit pas l\u00e0 simplement d&rsquo;une balade naturaliste mais bien d\u2019un v\u00e9ritable accompagnement au bien-\u00eatre, \u00e0 l&rsquo;\u00e9veil des 5 sens. Adultes et enfants de plus de 10 ans pourront ainsi \u00e9veiller leurs perceptions sensorielles, contempler, ressentir et s&rsquo;\u00e9merveiller de la beaut\u00e9 de la nature.<\/p>\n\n\n\n<p>3<sup>\u00e8me<\/sup> th\u00e9matique de ces visites estivales&nbsp;: les \u00ab&nbsp;<strong>INSTANTS GOURMANDS&nbsp;<\/strong>\u00bb. On pourra ainsi participer \u00e0 la <strong>\u00ab&nbsp;Visite du Rucher de Caillaou&nbsp;\u00bb<\/strong> au Barp <strong>le 20\/07 et le 17\/08 \u00e0 10h<\/strong> pour rencontrer d&rsquo;une apicultrice passionnante dans son airial&nbsp;: Anne-Charlotte. Elle parlera de l&rsquo;univers fabuleux et essentiel \u00e0 l&rsquo;\u00e9quilibre de la nature : les abeilles. Une visite d\u20191h30 r\u00e9serv\u00e9e \u00e0 8 personnes maximum dont les enfants de plus de 7 ans contre une participation de 10 \u20ac par adulte.<\/p>\n\n\n\n<p>Lors d\u2019un <strong>\u00ab&nbsp;atelier chouquettes&nbsp;\u00bb<\/strong> de 2h30 pr\u00e9vu \u00e0 Salles <strong>le 2\/08 \u00e0 14h, <\/strong>on pourra d\u00e9couvrir l&rsquo;art de la p\u00e2tisserie en compagnie de Cyril Roch, ma\u00eetre-p\u00e2tissier, qui d\u00e9voilera ses secrets de fabrication. Une participation de 20 \u20ac par adulte est \u00e0 pr\u00e9voir.<\/p>\n\n\n\n<p>Enfin, un atelier de 2 heures <strong>\u00ab\u00a0je d\u00e9couvre le meunier et je fais mon pain\u00a0\u00bb<\/strong> sera propos\u00e9 sur la commune de Salles \u00e0 un groupe de 8 personnes <strong>le 21\/07 \u00e0 10h30<\/strong>. Le meunier ouvrira ses portes pour raconter l&rsquo;aventure de sa farine. Cyril livrera ses secrets pour la r\u00e9alisation d&rsquo;un pain sp\u00e9cial pour lequel il utilise la farine du Moulin de Dubern. Une participation de 20 \u20ac est demand\u00e9e.<\/p>\n\n\n\n<p>4<sup>\u00e8me<\/sup> th\u00e9matique\u00a0: <strong>\u00ab\u00a0INSTANTS SAVOIR-FAIRE LOCAL\u00a0\u00bb <\/strong>avec la<strong> \u00ab\u00a0d\u00e9couverte du Moulin de Dubern\u00a0\u00bb <\/strong>\u00e0 Salles<strong> le 23\/07 \u00e0 10h.<\/strong> Cet ancien moulin \u00e0 eau construit au 15<sup>\u00e8me<\/sup> si\u00e8cle a \u00e9t\u00e9 transform\u00e9 en minoterie en 1930 et r\u00e9\u00e9quip\u00e9 en 1989. Il accueille la 5<sup>\u00e8me<\/sup> g\u00e9n\u00e9ration d&rsquo;une famille de meuniers. Une visite d\u20191h30 gratuite pour un groupe de 8 personnes dont des enfants de plus de 7 ans.<\/p>\n\n\n\n<p>Autre animation&nbsp;: la <strong>\u00ab&nbsp;visite des terres et c\u00e9ramiques de Gascogne&nbsp;\u00bb<\/strong> au Barp <strong>le 21\/07 et le 18\/08 \u00e0 10h<\/strong>. Les \u00e9tablissements Dubourg dits Terres et C\u00e9ramiques de Gascogne sont install\u00e9s au c\u0153ur de la for\u00eat depuis plus de 150 ans, pr\u00e8s d\u2019un gisement d\u2019argile d\u2019une finesse exceptionnelle qui existe depuis des millions d\u2019ann\u00e9es. Ils produisent<br>des pav\u00e9s et des carrelages en c\u00e9ramique mais aussi ce fameux pot dit \u00abpot de Hugues \u00bb. Une visite gratuite \u00e0 ne pas manquer pour un groupe de 8 personnes maximum dont les enfants de plus de 7 ans.<\/p>\n\n\n\n<p>L\u2019Office de Tourisme proposera <strong>\u00ab&nbsp;\u00e0 la d\u00e9couverte du tourisme industriel et du savoir-faire&nbsp;\u00bb<\/strong>, une visite de l\u2019usine Smurfit Kappa\u00e0 Biganos <strong>le 7\/07 et le 11\/08 \u00e0 14h<\/strong>, l&rsquo;une des plus importantes unit\u00e9s papeti\u00e8res europ\u00e9ennes de production de papier kraft, destin\u00e9 \u00e0 la fabrication d&#8217;emballage en carton ondul\u00e9. La papeterie fabrique 500 000 tonnes de papier kraft par an \u00e0 partir de bois (pin des Landes) et de papiers et cartons recycl\u00e9s. Une animation gratuite de 2 heures pour adultes et jeunes de plus de 15 ans.<\/p>\n\n\n\n<p>Enfin, impossible de manquer cette <strong>\u00ab&nbsp;initiation \u00e0 la maroquinerie&nbsp;\u00bb<\/strong> propos\u00e9e <strong>le 27\/07 et le 10\/08 \u00e0 10h<\/strong>. L\u2019occasion de d\u00e9couvrir les techniques et les bases du savoir-faire de la maroquinerie en compagnie de Charlotte Mussot, artisan maroquinier form\u00e9e au sein de la c\u00e9l\u00e8bre Maison Herm\u00e8s. On pourra m\u00eame fabriquer soi-m\u00eame sa pochette en cuir. Un moment convivial d&rsquo;initiation tout en finesse ! Un atelier de 2 heures pour adultes. Une participation de 45 \u20ac par personne est \u00e0 pr\u00e9voir.<\/p>\n\n\n\n<p>La 5<sup>\u00e8me<\/sup> th\u00e9matique, qui fait figure de nouveaut\u00e9, est intitul\u00e9e <strong>\u00ab&nbsp;INSTANTS ECO-RESPONSABLES&nbsp;\u00bb<\/strong>. Lors d\u2019un \u00ab&nbsp;atelier sp\u00e9cial pique-nique&nbsp;\u00bb, pr\u00e9vu \u00e0 Belin-Beliet le 15\/07 \u00e0 14h, on pourra apprendre \u00e0 confectionner son lunch bag et ses serviettes pour toute la famille. Des cr\u00e9ations dont on pourra profiter pour partir en pique-nique durant de belles journ\u00e9es estivales ! Tout le mat\u00e9riel est fourni et il sera possible de se faire pr\u00eater une machine \u00e0 coudre. Cette animation est destin\u00e9e aux adultes et il faudra compter une participation de 30 \u20ac par personne.<\/p>\n\n\n\n<p>Un <strong>\u00ab&nbsp;atelier cr\u00e9ation d\u2019\u00e9ponges Tawashi&nbsp;\u00bb<\/strong> est organis\u00e9 \u00e0 Belin-Beliet <strong>le 22\/07 \u00e0 14h<\/strong>. Quel plaisir de cr\u00e9er soi-m\u00eame son \u00e9ponge z\u00e9ro d\u00e9chet gr\u00e2ce \u00e0 des tissus de r\u00e9cup\u00e9ration. Cet objet du quotidien pourra servir pour la vaisselle, laver la table, d\u00e9crasser la voiture. Je r\u00e9cup&rsquo;, je recycle, je transforme et je r\u00e9utilise&nbsp;! Cette animation est destin\u00e9e aux adultes et il faudra compter une participation de 20 \u20ac par personne.<\/p>\n\n\n\n<p>Enfin, une <strong>\u00ab&nbsp;d\u00e9couverte de la permaculture&nbsp;\u00bb <\/strong>est propos\u00e9e au Barp le 28\/07 et le 20\/08 \u00e0 9h30. Thierry fera partager sa passion pour la terre et sa culture \u00e0 travers diff\u00e9rentes m\u00e9thodes que sont la permaculture et la ph\u00e9noculture, au sein de sa micro-ferme. L\u2019occasion de d\u00e9couvrir des r\u00e9coltes riches et vari\u00e9es de l\u00e9gumes, herbes aromatiques et fruits en tout genre.<\/p>\n\n\n\n<p>On l\u2019aura compris&nbsp;: cet \u00e9t\u00e9, on ne risque pas de s\u2019ennuyer sur le territoire du Val de l\u2019Eyre&nbsp;!<\/p>\n\n\n\n<p><strong>Inscriptions et point de d\u00e9part des visites&nbsp;: <\/strong><em><\/em><\/p>\n\n\n\n<p><strong>Office de Tourisme du Val de l\u2019Eyre<\/strong><\/p>\n\n\n\n<p>4 All\u00e9e du Champ de Foire, 33770 Salles<\/p>\n\n\n\n<p><strong>T\u00e9l. 05 56 88 30 11 &#8211; Mail\u00a0: <a href=\"mailto:tourisme@valdeleyre.fr\" target=\"_blank\" rel=\"noreferrer noopener\">tourisme@valdeleyre.fr<\/a><\/strong><\/p>\n\n\n\n<p><strong><a href=\"http:\/\/www.rtourisme.com\" target=\"_blank\" rel=\"noreferrer noopener\">www.rtourisme.com<\/a><\/strong><\/p>\n","protected":false},"excerpt":{"rendered":"<p>A partir du mercredi 7 juillet, l&rsquo;Office de Tourisme Intercommunal du Val de l\u2019Eyre lance son programme estival de visites et animations patrimoniales. Des activit\u00e9s th\u00e9matiques, ludiques et p\u00e9dagogiques pour toute la famille mettant en avant les atouts naturels ou historiques du territoire, en accord avec le projet d\u2019\u00e9co destination ch\u00e8re \u00e0 la Communaut\u00e9 de [&hellip;]<\/p>\n","protected":false},"author":1,"featured_media":441,"comment_status":"open","ping_status":"open","sticky":false,"template":"","format":"standard","meta":{"_monsterinsights_skip_tracking":false,"_monsterinsights_sitenote_active":false,"_monsterinsights_sitenote_note":"","_monsterinsights_sitenote_category":0},"categories":[13],"tags":[],"_links":{"self":[{"href":"https:\/\/www.bleugrizzly.com\/index.php\/wp-json\/wp\/v2\/posts\/440"}],"collection":[{"href":"https:\/\/www.bleugrizzly.com\/index.php\/wp-json\/wp\/v2\/posts"}],"about":[{"href":"https:\/\/www.bleugrizzly.com\/index.php\/wp-json\/wp\/v2\/types\/post"}],"author":[{"embeddable":true,"href":"https:\/\/www.bleugrizzly.com\/index.php\/wp-json\/wp\/v2\/users\/1"}],"replies":[{"embeddable":true,"href":"https:\/\/www.bleugrizzly.com\/index.php\/wp-json\/wp\/v2\/comments?post=440"}],"version-history":[{"count":1,"href":"https:\/\/www.bleugrizzly.com\/index.php\/wp-json\/wp\/v2\/posts\/440\/revisions"}],"predecessor-version":[{"id":442,"href":"https:\/\/www.bleugrizzly.com\/index.php\/wp-json\/wp\/v2\/posts\/440\/revisions\/442"}],"wp:featuredmedia":[{"embeddable":true,"href":"https:\/\/www.bleugrizzly.com\/index.php\/wp-json\/wp\/v2\/media\/441"}],"wp:attachment":[{"href":"https:\/\/www.bleugrizzly.com\/index.php\/wp-json\/wp\/v2\/media?parent=440"}],"wp:term":[{"taxonomy":"category","embeddable":true,"href":"https:\/\/www.bleugrizzly.com\/index.php\/wp-json\/wp\/v2\/categories?post=440"},{"taxonomy":"post_tag","embeddable":true,"href":"https:\/\/www.bleugrizzly.com\/index.php\/wp-json\/wp\/v2\/tags?post=440"}],"curies":[{"name":"wp","href":"https:\/\/api.w.org\/{rel}","templated":true}]}}