{"id":382,"date":"2020-06-09T11:38:52","date_gmt":"2020-06-09T10:38:52","guid":{"rendered":"http:\/\/www.bleugrizzly.com\/?p=382"},"modified":"2020-06-09T12:19:47","modified_gmt":"2020-06-09T11:19:47","slug":"loffice-de-tourisme-du-val-de-leyre-aux-cotes-des-professionnels-du-territoire","status":"publish","type":"post","link":"https:\/\/www.bleugrizzly.com\/index.php\/2020\/06\/09\/loffice-de-tourisme-du-val-de-leyre-aux-cotes-des-professionnels-du-territoire\/","title":{"rendered":"L\u2019Office de Tourisme du Val de l\u2019Eyre aux c\u00f4t\u00e9s des professionnels du territoire"},"content":{"rendered":"\n<p><strong><em>La pand\u00e9mie du Covid-19, outre ses r\u00e9percussions sanitaires, a boulevers\u00e9 l\u2019\u00e9chiquier \u00e9conomique. Durement touch\u00e9s, les professionnels du tourisme du territoire attendaient avec impatience la r\u00e9ouverture de leurs \u00e9tablissements annonc\u00e9e dans le cadre de la phase 2 du d\u00e9confinement. L\u2019office de Tourisme intercommunal du Val de l\u2019Eyre est \u00e0 pied d\u2019\u0153uvre pour les aider \u00e0 r\u00e9ussir cette saison atypique.<\/em><\/strong><\/p>\n\n\n\n<p><strong>Redynamiser l\u2019activit\u00e9 des professionnels du tourisme<\/strong><\/p>\n\n\n\n<p>Plus que jamais, l\u2019Office de Tourisme intercommunal du Val de l\u2019Eyre, cr\u00e9\u00e9 en 2017, sous l\u2019identit\u00e9 Rtourisme d\u00e9velopp\u00e9e par la Communaut\u00e9 de communes du Val de l\u2019Eyre, s\u2019impose comme un v\u00e9ritable acteur du tissu local. L\u2019\u00e9quipe est op\u00e9rationnelle et entend jouer pleinement son r\u00f4le en \u00e9tant aux c\u00f4t\u00e9s de l&rsquo;ensemble des professionnels du tourisme du territoire dans cette p\u00e9riode d\u00e9licate et in\u00e9dite. L\u2019objectif est simple&nbsp;: les aider \u00e0 redynamiser rapidement leur activit\u00e9.<\/p>\n\n\n\n<p>Suite aux annonces du Premier Ministre, la r\u00e9ouverture des restaurants du Val de l\u2019Eyre est confirm\u00e9e pour le 2 juin et les h\u00e9bergeurs sont d\u2019ores et d\u00e9j\u00e0 pr\u00eats \u00e0 accueillir leurs h\u00f4tes, le tout, bien entendu, dans le strict respect des normes sanitaires en vigueur. <em>\u00ab&nbsp;L\u2019Office de Tourisme Intercommunal accompagnera pas \u00e0 pas ces hommes et ces femmes qui, par amour du territoire, ont fait le choix de vivre ici et qui partagent cette identit\u00e9 forte qui est la n\u00f4tre \u00bb<\/em>, soulignent Virginie Chot, Responsable du bureau d&rsquo;information touristique, et Mathilde Lasson, Conseill\u00e8re en s\u00e9jour.<\/p>\n\n\n\n<p><strong>Location de v\u00e9los et visites patrimoniales<\/strong><\/p>\n\n\n\n<p>Si cette saison 2020 s\u2019annonce atypique, elle n\u2019en restera pas moins plac\u00e9e sous le signe de l\u2019authenticit\u00e9 et du d\u00e9veloppement durable. En effet, l\u2019Office de Tourisme continue de structurer son offre nature autour d\u2019un vrai projet d\u2019\u00e9co destination. Ainsi, le service location v\u00e9los sera accessible \u00e0 compter de juillet. De m\u00eame, un joli programme de visites patrimoniales pour la p\u00e9riode allant de 15 juillet au 31 ao\u00fbt est en cours de finalisation. Les inscriptions se feront au pr\u00e9alable \u00e0 l\u2019Office de Tourisme qui limitera les visites \u00e0 de petits groupes de 10 personnes et veillera au respect des mesures de protection pour la sant\u00e9 et la s\u00e9curit\u00e9 de chacun.<\/p>\n\n\n\n<p><strong>Des horaires d\u2019ouverture adapt\u00e9s \u00e0 la saison<\/strong><\/p>\n\n\n\n<p>A noter que l\u2019Office de Tourisme du Val de l\u2019Eyre sera ouvert en juin du lundi au samedi matin puis 7j \/ 7j en juillet et ao\u00fbt pour accueillir au mieux l&rsquo;ensemble des visiteurs.<\/p>\n\n\n\n<p>Une saison hors normes, certes, mais o\u00f9 l\u2019optimisme et la bonne humeur auront toute leur place&nbsp;!<\/p>\n\n\n\n<p><strong>Pratique&nbsp;: <\/strong><em><\/em><\/p>\n\n\n\n<p><strong>Office de Tourisme du Val de l\u2019Eyre<\/strong><\/p>\n\n\n\n<p>4 All\u00e9e du Champ de Foire, 33770 Salles<\/p>\n\n\n\n<p><strong>T\u00e9l. <a href=\"https:\/\/www.google.fr\/search?q=office+de+tourisme+du+val+de+l%27eyre&amp;rlz=1C1AVFC_enFR734FR734&amp;oq=offic&amp;aqs=chrome.4.69i57j69i61l3j69i59j35i39.3726j0j7&amp;sourceid=chrome&amp;ie=UTF-8\">05 56 88 30 11<\/a>&#8211; Mail&nbsp;: <a href=\"mailto:tourisme@valdeleyre.fr\">tourisme@valdeleyre.fr<\/a><\/strong><\/p>\n\n\n\n<p><strong><a href=\"http:\/\/www.rtourisme.com\">www.rtourisme.com<\/a><\/strong><\/p>\n\n\n\n<p><\/p>\n\n\n\n<p><\/p>\n","protected":false},"excerpt":{"rendered":"<p>La pand\u00e9mie du Covid-19, outre ses r\u00e9percussions sanitaires, a boulevers\u00e9 l\u2019\u00e9chiquier \u00e9conomique. Durement touch\u00e9s, les professionnels du tourisme du territoire attendent avec impatience la r\u00e9ouverture de leurs \u00e9tablissements annonc\u00e9e dans le cadre de la phase 2 du d\u00e9confinement. L\u2019office de Tourisme intercommunal du Val de l\u2019Eyre est \u00e0 pied d\u2019\u0153uvre pour les aider \u00e0 r\u00e9ussir cette saison atypique.<\/p>\n","protected":false},"author":1,"featured_media":383,"comment_status":"open","ping_status":"open","sticky":false,"template":"","format":"standard","meta":{"_monsterinsights_skip_tracking":false,"_monsterinsights_sitenote_active":false,"_monsterinsights_sitenote_note":"","_monsterinsights_sitenote_category":0},"categories":[13],"tags":[],"_links":{"self":[{"href":"https:\/\/www.bleugrizzly.com\/index.php\/wp-json\/wp\/v2\/posts\/382"}],"collection":[{"href":"https:\/\/www.bleugrizzly.com\/index.php\/wp-json\/wp\/v2\/posts"}],"about":[{"href":"https:\/\/www.bleugrizzly.com\/index.php\/wp-json\/wp\/v2\/types\/post"}],"author":[{"embeddable":true,"href":"https:\/\/www.bleugrizzly.com\/index.php\/wp-json\/wp\/v2\/users\/1"}],"replies":[{"embeddable":true,"href":"https:\/\/www.bleugrizzly.com\/index.php\/wp-json\/wp\/v2\/comments?post=382"}],"version-history":[{"count":2,"href":"https:\/\/www.bleugrizzly.com\/index.php\/wp-json\/wp\/v2\/posts\/382\/revisions"}],"predecessor-version":[{"id":385,"href":"https:\/\/www.bleugrizzly.com\/index.php\/wp-json\/wp\/v2\/posts\/382\/revisions\/385"}],"wp:featuredmedia":[{"embeddable":true,"href":"https:\/\/www.bleugrizzly.com\/index.php\/wp-json\/wp\/v2\/media\/383"}],"wp:attachment":[{"href":"https:\/\/www.bleugrizzly.com\/index.php\/wp-json\/wp\/v2\/media?parent=382"}],"wp:term":[{"taxonomy":"category","embeddable":true,"href":"https:\/\/www.bleugrizzly.com\/index.php\/wp-json\/wp\/v2\/categories?post=382"},{"taxonomy":"post_tag","embeddable":true,"href":"https:\/\/www.bleugrizzly.com\/index.php\/wp-json\/wp\/v2\/tags?post=382"}],"curies":[{"name":"wp","href":"https:\/\/api.w.org\/{rel}","templated":true}]}}