{"id":356,"date":"2020-03-17T14:08:59","date_gmt":"2020-03-17T13:08:59","guid":{"rendered":"http:\/\/www.bleugrizzly.com\/?p=356"},"modified":"2020-03-17T14:09:01","modified_gmt":"2020-03-17T13:09:01","slug":"classement-prefectoral-pour-loffice-de-tourisme-du-val-de-leyre","status":"publish","type":"post","link":"https:\/\/www.bleugrizzly.com\/index.php\/2020\/03\/17\/classement-prefectoral-pour-loffice-de-tourisme-du-val-de-leyre\/","title":{"rendered":"Classement pr\u00e9fectoral pour l\u2019Office de Tourisme du Val de l\u2019Eyre"},"content":{"rendered":"\n<p><strong><em>Annonc\u00e9e en\navant-premi\u00e8re par la sous-pr\u00e9f\u00e8te d\u2019Arcachon \u00e0 l\u2019occasion de sa c\u00e9r\u00e9monie des v\u0153ux,\nfin janvier, le classement pr\u00e9fectoral de l\u2019Office de Tourisme intercommunal du\nVal de l\u2019Eyre en tant qu\u2019\u00e9tablissement de cat\u00e9gorie 2 est aujourd\u2019hui une\nr\u00e9alit\u00e9. Il s\u2019agit l\u00e0 d\u2019une v\u00e9ritable reconnaissance de la qualit\u00e9 des services\nofferts aux touristes et aux habitants par un territoire qui a d\u00e9cid\u00e9ment le\nvent en poupe&nbsp;!<\/em><\/strong><\/p>\n\n\n\n<p>Un classement, pour\nquoi faire&nbsp;? L\u2019objectif est de garantir une coh\u00e9rence et une homog\u00e9n\u00e9it\u00e9\ndans les services que les Offices de Tourisme offrent aux visiteurs des\ndiff\u00e9rentes&nbsp;destinations de vacances en France. <\/p>\n\n\n\n<p><strong>Pour obtenir ce\nfameux classement pr\u00e9fectoral de cat\u00e9gorie 2, l&rsquo;Office de Tourisme du Val de l\u2019Eyre\na d\u00fb r\u00e9pondre \u00e0 un certain nombre d\u2019engagements.<\/strong><\/p>\n\n\n\n<p><strong>L\u2019\u00e9tablissement est accessible et accueillant<\/strong>. D\u2019importants travaux de r\u00e9novation de l\u2019Office de Tourisme du Val de l\u2019Eyre ont \u00e9t\u00e9 entrepris en 2018. Un budget de 100\u00a0000 \u20ac HT a \u00e9t\u00e9 consacr\u00e9 \u00e0 la r\u00e9novation et \u00e0 l\u2019habillage de la fa\u00e7ade ext\u00e9rieure, mais aussi \u00e0 la r\u00e9novation int\u00e9rieure du b\u00e2timent (sols, menuiseries, chauffage, ouverture, banque d\u2019accueil, accessibilit\u00e9\u2026). Gr\u00e2ce au travail de l\u2019architecte en collaboration avec l\u2019\u00e9quipe de l\u2019Office de Tourisme, le b\u00e2timent b\u00e9n\u00e9ficie aujourd\u2019hui d\u2019une architecture claire, harmonieuse et en accord avec l\u2019offre nature du territoire. L\u2019alliance du bois, du vert et du mauve (pour \u00e9voquer la bruy\u00e8re) permet d\u00e9sormais d\u2019identifier clairement les espaces accueil, information, enfants ou encore acc\u00e8s au wifi gratuit. <\/p>\n\n\n\n<p><strong>Les p\u00e9riodes et\nhoraires d&rsquo;ouverture sont coh\u00e9rents avec la fr\u00e9quentation touristique.<\/strong> L\u2019Office de\nTourisme du Val de l\u2019Eyre est ouvert toute l&rsquo;ann\u00e9e, 7 j \/7 pendant la p\u00e9riode estivale\net s\u2019appuie sur une \u00e9quipe de 2 agents.<\/p>\n\n\n\n<p><strong>L&rsquo;information est\naccessible \u00e0 la client\u00e8le \u00e9trang\u00e8re.<\/strong> C\u2019est le cas au sein de la structure\npuisque l\u2019\u00e9quipe propose un service permanent d&rsquo;accueil en fran\u00e7ais et en\nanglais.<\/p>\n\n\n\n<p><strong>L&rsquo;information\ntouristique collect\u00e9e est exhaustive, qualifi\u00e9e et mise \u00e0 jour. <\/strong>L\u2019\u00e9quipe de l\u2019Office\nde Tourisme du Val de l\u2019Eyre effectue le recensement de tous les socio-professionnels\ndu tourisme du territoire afin de pouvoir assurer la promotion de leurs\nactivit\u00e9s. Elle collecte et saisit les f\u00eates et manifestations des 5 communes afin\nde constituer un agenda intercommunal mensuel. Cet agenda est visualisable sur\nle site internet <a href=\"http:\/\/www.rtourisme.com\">www.rtourisme.com<\/a>, cr\u00e9\u00e9\npour renforcer la promotion du territoire et mieux diffuser l&rsquo;offre touristique\net commerciale.<\/p>\n\n\n\n<p><strong>Les supports d&rsquo;informations\ntouristiques sont adapt\u00e9s, complets et actualis\u00e9s. <\/strong>La r\u00e9alisation d&rsquo;un\nplan sous forme de carte touristique est pr\u00e9vue pour l\u2019\u00e9t\u00e9 2020. Parall\u00e8lement,\nle site internet <a href=\"http:\/\/www.rtourisme.com\">www.rtourisme.com<\/a> est\naccessible sur tous les supports (ordinateur, smartphone, tablette). Rien ne\nmanque : activit\u00e9s, restauration, h\u00e9bergement, curiosit\u00e9s, concerts, march\u00e9s\nmais aussi services de proximit\u00e9, transports et commerces\u2026 que l\u2019on peut m\u00eame\nlocaliser sur une carte interactive.<\/p>\n\n\n\n<p><strong>L&rsquo;Office de Tourisme\nest \u00e0 l&rsquo;\u00e9coute du client et engag\u00e9 dans une d\u00e9marche promouvant la qualit\u00e9 et\nle progr\u00e8s. <\/strong>Depuis\n2018,c\u2019est une v\u00e9ritable strat\u00e9gie de marketing digital qui a \u00e9t\u00e9 mise\nen place avec, en plus de la cr\u00e9ation du site internet, une activit\u00e9 soutenue\nsur les r\u00e9seaux sociaux Facebook et Instagram. En 2020, l\u2019Office de Tourisme du\nVal de l\u2019Eyre s\u2019impliquera aussi sur les r\u00e9seaux twitter et linkedin.<\/p>\n\n\n\n<p><strong>L\u2019Office de Tourisme\ndispose des moyens humains pour assurer sa mission <\/strong>gr\u00e2ce \u00e0 une \u00e9quipe\ncomp\u00e9tente et form\u00e9e, dirig\u00e9e par Evelyne DURIF, Directrice G\u00e9n\u00e9rale des\nServices de la Communaut\u00e9 de Communes du Val de l\u2019Eyre et compos\u00e9e de Virginie\nCHOT, responsable du bureau d&rsquo;information touristique et de Mathilde LASSON en\nconseill\u00e8re en s\u00e9jour. Leur bonne connaissance du territoire, des acteurs\nlocaux et de la dynamique touristique participe grandement \u00e0 l\u2019essor de la\ndestination.<\/p>\n\n\n\n<p><strong>L&rsquo;Office de Tourisme\nassure un recueil statistique<\/strong> ce qui a notamment permis de confirmer que\n2019 avait \u00e9t\u00e9 une tr\u00e8s belle ann\u00e9e avec des records en termes de fr\u00e9quentation&nbsp;:\npour m\u00e9moire, 2928 personnes ont pouss\u00e9 la porte de l\u2019Office de Tourisme intercommunal\nde mai \u00e0 ao\u00fbt 2019 contre 1951 personnes sur la m\u00eame p\u00e9riode l\u2019ann\u00e9e pr\u00e9c\u00e9dente\nsoit une augmentation de 50%. De plus, les visites patrimoniales gratuites mettant\nen avant les atouts naturels ou historiques du territoire ont connu un \u00e9norme\nsucc\u00e8s (340 participants en 2019 contre 126 en 2018 soit une augmentation de 170%).\nEn 2020, un outil de gestion de l&rsquo;accueil sera mis en place pour cerner les\ndemandes et affiner les statistiques.<\/p>\n\n\n\n<p><strong>L&rsquo;Office de Tourisme met en \u0153uvre la\nstrat\u00e9gie touristique locale.<\/strong> Cette ann\u00e9e, celle-ci s\u2019appuiera, entre autres,\nsur une solide politique d&rsquo;accueil avec la reconduction des accueils \u00ab&nbsp;hors\nles murs&nbsp;\u00bb lors d\u2019\u00e9v\u00e9nements tels que les march\u00e9s locaux durant la p\u00e9riode\nestivale, les forums des associations afin de cr\u00e9er du lien avec le tissu\nassociatif ou encore les c\u00e9r\u00e9monies d\u2019accueil des nouveaux arrivants\u2026 En termes\nd\u2019animations, l\u2019offre touristique sera renforc\u00e9e avec 2 jeux Terra Aventura, de\nnouvelles visites et ateliers et le d\u00e9veloppement de l&rsquo;itin\u00e9rance avec le\nd\u00e9partement de Gironde. Une vid\u00e9o promotionnelle du territoire devrait\n\u00e9galement voir le jour. Enfin, l\u2019accompagnement des socio-professionnels et\nporteurs de projets sera renforc\u00e9 gr\u00e2ce \u00e0 la cr\u00e9ation d\u2019un guide\n\u00ab\u00a0bienvenue au projet\u00a0\u00bb.<\/p>\n\n\n\n<p>Fort de cette nouvelle classification pr\u00e9fectorale,\nl\u2019Office de Tourisme du Val de l\u2019Eyre peut ainsi continuer sereinement de\nstructurer son offre nature autour d\u2019un vrai projet d\u2019\u00e9co destination s\u2019appuyant\nsur les valeurs d\u2019authenticit\u00e9 et de d\u00e9veloppement durable qui lui sont ch\u00e8res.<\/p>\n\n\n\n<p><strong>Pratique&nbsp;:\n<\/strong><em><\/em><\/p>\n\n\n\n<p><strong>Office de Tourisme\ndu Val de l\u2019Eyre<\/strong><\/p>\n\n\n\n<p>4 All\u00e9e du Champ de Foire, 33770 Salles<\/p>\n\n\n\n<p><strong>T\u00e9l. <a href=\"https:\/\/www.google.fr\/search?q=office+de+tourisme+du+val+de+l%27eyre&amp;rlz=1C1AVFC_enFR734FR734&amp;oq=offic&amp;aqs=chrome.4.69i57j69i61l3j69i59j35i39.3726j0j7&amp;sourceid=chrome&amp;ie=UTF-8\">05 56 88 30 11<\/a>&#8211;\nMail&nbsp;: <a href=\"mailto:tourisme@valdeleyre.fr\">tourisme@valdeleyre.fr<\/a><\/strong><\/p>\n\n\n\n<p><a href=\"http:\/\/www.rtourisme.com\">http:\/\/www.rtourisme.com<\/a><\/p>\n","protected":false},"excerpt":{"rendered":"<p>Annonc\u00e9e en avant-premi\u00e8re par la sous-pr\u00e9f\u00e8te d\u2019Arcachon \u00e0 l\u2019occasion de sa c\u00e9r\u00e9monie des v\u0153ux, fin janvier, le classement pr\u00e9fectoral de l\u2019Office de Tourisme intercommunal du Val de l\u2019Eyre en tant qu\u2019\u00e9tablissement de cat\u00e9gorie 2 est aujourd\u2019hui une r\u00e9alit\u00e9. Il s\u2019agit l\u00e0 d\u2019une v\u00e9ritable reconnaissance de la qualit\u00e9 des services offerts aux touristes et aux habitants [&hellip;]<\/p>\n","protected":false},"author":1,"featured_media":357,"comment_status":"open","ping_status":"open","sticky":false,"template":"","format":"standard","meta":{"_monsterinsights_skip_tracking":false,"_monsterinsights_sitenote_active":false,"_monsterinsights_sitenote_note":"","_monsterinsights_sitenote_category":0},"categories":[16],"tags":[],"_links":{"self":[{"href":"https:\/\/www.bleugrizzly.com\/index.php\/wp-json\/wp\/v2\/posts\/356"}],"collection":[{"href":"https:\/\/www.bleugrizzly.com\/index.php\/wp-json\/wp\/v2\/posts"}],"about":[{"href":"https:\/\/www.bleugrizzly.com\/index.php\/wp-json\/wp\/v2\/types\/post"}],"author":[{"embeddable":true,"href":"https:\/\/www.bleugrizzly.com\/index.php\/wp-json\/wp\/v2\/users\/1"}],"replies":[{"embeddable":true,"href":"https:\/\/www.bleugrizzly.com\/index.php\/wp-json\/wp\/v2\/comments?post=356"}],"version-history":[{"count":1,"href":"https:\/\/www.bleugrizzly.com\/index.php\/wp-json\/wp\/v2\/posts\/356\/revisions"}],"predecessor-version":[{"id":358,"href":"https:\/\/www.bleugrizzly.com\/index.php\/wp-json\/wp\/v2\/posts\/356\/revisions\/358"}],"wp:featuredmedia":[{"embeddable":true,"href":"https:\/\/www.bleugrizzly.com\/index.php\/wp-json\/wp\/v2\/media\/357"}],"wp:attachment":[{"href":"https:\/\/www.bleugrizzly.com\/index.php\/wp-json\/wp\/v2\/media?parent=356"}],"wp:term":[{"taxonomy":"category","embeddable":true,"href":"https:\/\/www.bleugrizzly.com\/index.php\/wp-json\/wp\/v2\/categories?post=356"},{"taxonomy":"post_tag","embeddable":true,"href":"https:\/\/www.bleugrizzly.com\/index.php\/wp-json\/wp\/v2\/tags?post=356"}],"curies":[{"name":"wp","href":"https:\/\/api.w.org\/{rel}","templated":true}]}}