{"id":328,"date":"2019-11-21T16:53:33","date_gmt":"2019-11-21T15:53:33","guid":{"rendered":"http:\/\/www.bleugrizzly.com\/?p=328"},"modified":"2019-11-21T16:53:34","modified_gmt":"2019-11-21T15:53:34","slug":"balades-hispaniques-entre-conte-et-roman-historique","status":"publish","type":"post","link":"https:\/\/www.bleugrizzly.com\/index.php\/2019\/11\/21\/balades-hispaniques-entre-conte-et-roman-historique\/","title":{"rendered":"Balades hispaniques : entre conte et roman historique"},"content":{"rendered":"\n<p><strong><em>Georges Lury,\navocat au barreau d\u2019Agen durant 42 ans et b\u00e2tonnier de 1995 \u00e0 1996, regroupa en\n2017 dans son premier ouvrage, Br\u00e8ves du palais, les anecdotes et dessins\nhumoristiques qui agr\u00e9ment\u00e8rent le bulletin mensuel qu\u2019il \ufb01t publier par\nl\u2019Ordre durant son b\u00e2tonnat. Aujourd\u2019hui, changement de registre avec Balades\nhispaniques\u2026<\/em><\/strong><\/p>\n\n\n\n<p>Au d\u00e9part,\nGeorges Lury a imagin\u00e9 ce petit roman historique \u00e0 la demande de ses petits-enfants,\nCarlotta et Emanuele, qui souhaitaient que leur grand-p\u00e8re leur \u00e9crive un conte\nfamilial. C\u2019est ainsi que Georges a commenc\u00e9 son r\u00e9cit, puis l\u2019a interrompu car\nne se sentant pas capable d\u2019\u00e9crire pour des enfants. <\/p>\n\n\n\n<p>L\u2019id\u00e9e lui est\nalors venue de romancer ses personnages autour de la reconqu\u00eate chr\u00e9tienne des\nroyaumes musulmans d\u2019Espagne au cours du XIII<sup>\u00e8me<\/sup> si\u00e8cle. Cette\np\u00e9riode lui a paru \u00eatre la plus importante de l\u2019Histoire qui a marqu\u00e9 la p\u00e9ninsule\nib\u00e9rique. En effet, cette \u00ab Reconquista \u00bb, d\u00e9but\u00e9e au XI<sup>\u00e8me<\/sup> si\u00e8cle,\nvit son apog\u00e9e sous les r\u00e8gnes d\u2019Alphonse X de Castille et de Jacques 1<sup>er <\/sup>d\u2019Aragon.\nCes deux rois ayant fait preuve de cl\u00e9mence et de grande mansu\u00e9tude \u00e0 l\u2019\u00e9gard\ndes territoires conquis, accordant la paix au royaume de Grenade qui ne chutera\nque deux si\u00e8cles plus tard. L\u2019attitude de ces monarques suscita parfois une\nparfaite int\u00e9gration des Chr\u00e9tiens qui d\u00e9couvrirent, en particulier, les\nplaisirs qu\u2019offraient les hammams et leur architecture mauresque. A ce sujet, l\u2019auteur\na rappel\u00e9 le respect des Chr\u00e9tiens pour les mosqu\u00e9es et les b\u00e2timents religieux\ndes Musulmans, dont l\u2019exemple parfait est la cath\u00e9drale de Cordoue.<\/p>\n\n\n\n<p>Si les\npersonnages de Balades hispaniques sont souvent fantaisistes, Georges a tenu \u00e0\nles situer dans un v\u00e9ritable contexte historique de cette \u00e9poque et avec ses\nprincipaux repr\u00e9sentants. Outre les principaut\u00e9s et royaumes m\u00e9diterran\u00e9ens\ntravers\u00e9s par les personnages principaux, l\u2019auteur s\u2019est \u00e9galement attach\u00e9 \u00e0\nd\u00e9crire le magni\ufb01que royaume andalou de Grenade qui sera conquis deux si\u00e8cles\nplus tard. <\/p>\n\n\n\n<p><em>Balades hispaniques<\/em> est un ouvrage de 148 pages dans lequel le lecteur suivra les aventures\nrocambolesques de Gertrude Mac Lure, princesse de Mater, fille de Stefan Mac Lure,\nlord \u00e9cossais du clan Destin, et de Louise Minterdit de Mater, au <em>\u00ab physique\nd\u00e9sagr\u00e9able et \u00e0 l\u2019intelligence m\u00e9diocre&nbsp;\u00bb<\/em> et d\u2019Alcide <em>\u00ab&nbsp;jeune\nhomme gracieux issu d\u2019une grande famille bourgeoise ayant fait fortune dans la\nmatelassure, les Bourr\u00e9 de Saint Sulpice&nbsp;\u00bb<\/em>. On l\u2019aura compris&nbsp;:\nun moment de lecture fort plaisant et non d\u00e9nu\u00e9 d\u2019humour en perspective.<\/p>\n\n\n\n<p>Deux s\u00e9ances de d\u00e9dicaces sont d\u2019ores et d\u00e9j\u00e0 pr\u00e9vues&nbsp;pour f\u00eater la\nsortie de l\u2019ouvrage : le samedi 30 novembre de 17h \u00e0 19h au Buffet de la gare \u00e0\nAgen et le jeudi 12 d\u00e9cembre de 17h \u00e0 19h \u00e0 la libraire Martin-Delbert \u00e0 Agen.<\/p>\n\n\n\n<p><strong>Pratique&nbsp;: Balades hispaniques est en vente au\nprix de 15 \u20ac \u00e0 la librairie Martin-Delbert \u00e0 Agen ainsi que par correspondance\naupr\u00e8s de l\u2019auteur (frais de port en sus). Plus d\u2019infos par mail \u00e0 bageo47@gmail.com<\/strong><\/p>\n","protected":false},"excerpt":{"rendered":"<p>Georges Lury, avocat au barreau d\u2019Agen durant 42 ans et b\u00e2tonnier de 1995 \u00e0 1996, regroupa en 2017 dans son premier ouvrage, Br\u00e8ves du palais, les anecdotes et dessins humoristiques qui agr\u00e9ment\u00e8rent le bulletin mensuel qu\u2019il \ufb01t publier par l\u2019Ordre durant son b\u00e2tonnat. Aujourd\u2019hui, changement de registre avec Balades hispaniques\u2026 Au d\u00e9part, Georges Lury a [&hellip;]<\/p>\n","protected":false},"author":1,"featured_media":330,"comment_status":"open","ping_status":"open","sticky":false,"template":"","format":"standard","meta":{"_monsterinsights_skip_tracking":false,"_monsterinsights_sitenote_active":false,"_monsterinsights_sitenote_note":"","_monsterinsights_sitenote_category":0},"categories":[13],"tags":[],"_links":{"self":[{"href":"https:\/\/www.bleugrizzly.com\/index.php\/wp-json\/wp\/v2\/posts\/328"}],"collection":[{"href":"https:\/\/www.bleugrizzly.com\/index.php\/wp-json\/wp\/v2\/posts"}],"about":[{"href":"https:\/\/www.bleugrizzly.com\/index.php\/wp-json\/wp\/v2\/types\/post"}],"author":[{"embeddable":true,"href":"https:\/\/www.bleugrizzly.com\/index.php\/wp-json\/wp\/v2\/users\/1"}],"replies":[{"embeddable":true,"href":"https:\/\/www.bleugrizzly.com\/index.php\/wp-json\/wp\/v2\/comments?post=328"}],"version-history":[{"count":1,"href":"https:\/\/www.bleugrizzly.com\/index.php\/wp-json\/wp\/v2\/posts\/328\/revisions"}],"predecessor-version":[{"id":329,"href":"https:\/\/www.bleugrizzly.com\/index.php\/wp-json\/wp\/v2\/posts\/328\/revisions\/329"}],"wp:featuredmedia":[{"embeddable":true,"href":"https:\/\/www.bleugrizzly.com\/index.php\/wp-json\/wp\/v2\/media\/330"}],"wp:attachment":[{"href":"https:\/\/www.bleugrizzly.com\/index.php\/wp-json\/wp\/v2\/media?parent=328"}],"wp:term":[{"taxonomy":"category","embeddable":true,"href":"https:\/\/www.bleugrizzly.com\/index.php\/wp-json\/wp\/v2\/categories?post=328"},{"taxonomy":"post_tag","embeddable":true,"href":"https:\/\/www.bleugrizzly.com\/index.php\/wp-json\/wp\/v2\/tags?post=328"}],"curies":[{"name":"wp","href":"https:\/\/api.w.org\/{rel}","templated":true}]}}